{"id":200,"date":"2014-01-14T17:55:07","date_gmt":"2014-01-14T16:55:07","guid":{"rendered":"http:\/\/sfpt.fr\/parchi\/?p=200"},"modified":"2014-01-14T18:01:38","modified_gmt":"2014-01-14T17:01:38","slug":"200","status":"publish","type":"post","link":"http:\/\/sfpt.fr\/parchi\/?p=200","title":{"rendered":"Ecole d&#8217;\u00e9t\u00e9 2014"},"content":{"rendered":"<div>\n<p align=\"center\"><a href=\"http:\/\/sfpt.fr\/parchi\/wp-content\/uploads\/2014\/01\/Ecole-2014.jpg\"><img loading=\"lazy\" class=\"alignnone size-full wp-image-201\" alt=\"Ecole 2014\" src=\"http:\/\/sfpt.fr\/parchi\/wp-content\/uploads\/2014\/01\/Ecole-2014.jpg\" width=\"1258\" height=\"246\" srcset=\"http:\/\/sfpt.fr\/parchi\/wp-content\/uploads\/2014\/01\/Ecole-2014.jpg 1258w, http:\/\/sfpt.fr\/parchi\/wp-content\/uploads\/2014\/01\/Ecole-2014-300x58.jpg 300w, http:\/\/sfpt.fr\/parchi\/wp-content\/uploads\/2014\/01\/Ecole-2014-1024x200.jpg 1024w, http:\/\/sfpt.fr\/parchi\/wp-content\/uploads\/2014\/01\/Ecole-2014-500x97.jpg 500w\" sizes=\"(max-width: 1258px) 100vw, 1258px\" \/><\/a><\/p>\n<p align=\"center\"><strong><span style=\"color: #339966;\">\u00c9cole d\u2019\u00e9t\u00e9<!--more--><\/span><\/strong><\/p>\n<\/div>\n<table width=\"650\" border=\"0\" cellspacing=\"0\" cellpadding=\"0\">\n<tbody>\n<tr>\n<td valign=\"top\" width=\"650\">\n<p align=\"center\"><strong><span style=\"color: #339966;\">La photogramm\u00e9trie au service<\/span><\/strong><\/p>\n<p align=\"center\"><strong><span style=\"color: #339966;\">des arch\u00e9ologues et des architectes<\/span><\/strong><\/p>\n<p align=\"center\"><strong><span style=\"color: #339966;\">du 25 au 29 Ao\u00fbt 2014<\/span><\/strong><\/p>\n<\/td>\n<\/tr>\n<\/tbody>\n<\/table>\n<p>Organis\u00e9e par l\u2019ENSG (\u00c9cole Nationale des Sciences G\u00e9ographiques) dans ses locaux de Forcalquier (04) sous l\u2019\u00e9gide de la SFPT et du CIPA, cette \u00e9cole d\u2019\u00e9t\u00e9 est la quatri\u00e8me \u00e9dition d\u2019une formation destin\u00e9e \u00e0 faire le tour des \u00e9volutions techniques r\u00e9centes dans le domaine de la photogramm\u00e9trie et de ses applications au relev\u00e9 architectural et arch\u00e9ologique.<\/p>\n<p>Les frais d\u2019inscription sont de 650 euros.<\/p>\n<p>Vous trouverez <a title=\"fiche de pr\u00e9sentation\" href=\"http:\/\/sfpt.fr\/parchi\/wp-content\/uploads\/2014\/01\/Ecole-ete-ENSG-2014.pdf\">ici<\/a> une fiche de <strong>pr\u00e9sentation g\u00e9n\u00e9rale<\/strong>, une <strong>fiche d\u2019inscription<\/strong> \u00e0 renvoyer accompagn\u00e9e du paiement avant le 30 juin 2014, ainsi que le programme p\u00e9dagogique.<\/p>\n<p>Pour plus d&#8217;informations, veuillez envoyer un mail \u00e0 <a href=\"mailto:ecole-ete-archi-2013@ensg.eu\">ecole-ete-archi-2014@ensg.eu<\/a> .<\/p>\n<p>N&#8217;h\u00e9sitez pas \u00e0 relayer cette information.<\/p>\n","protected":false},"excerpt":{"rendered":"<p>\u00c9cole d\u2019\u00e9t\u00e9<\/p>\n","protected":false},"author":14,"featured_media":0,"comment_status":"open","ping_status":"open","sticky":false,"template":"","format":"standard","meta":{"spay_email":""},"categories":[1],"tags":[],"jetpack_featured_media_url":"","jetpack_shortlink":"https:\/\/wp.me\/s4fJjF-200","jetpack_sharing_enabled":true,"_links":{"self":[{"href":"http:\/\/sfpt.fr\/parchi\/index.php?rest_route=\/wp\/v2\/posts\/200"}],"collection":[{"href":"http:\/\/sfpt.fr\/parchi\/index.php?rest_route=\/wp\/v2\/posts"}],"about":[{"href":"http:\/\/sfpt.fr\/parchi\/index.php?rest_route=\/wp\/v2\/types\/post"}],"author":[{"embeddable":true,"href":"http:\/\/sfpt.fr\/parchi\/index.php?rest_route=\/wp\/v2\/users\/14"}],"replies":[{"embeddable":true,"href":"http:\/\/sfpt.fr\/parchi\/index.php?rest_route=%2Fwp%2Fv2%2Fcomments&post=200"}],"version-history":[{"count":5,"href":"http:\/\/sfpt.fr\/parchi\/index.php?rest_route=\/wp\/v2\/posts\/200\/revisions"}],"predecessor-version":[{"id":207,"href":"http:\/\/sfpt.fr\/parchi\/index.php?rest_route=\/wp\/v2\/posts\/200\/revisions\/207"}],"wp:attachment":[{"href":"http:\/\/sfpt.fr\/parchi\/index.php?rest_route=%2Fwp%2Fv2%2Fmedia&parent=200"}],"wp:term":[{"taxonomy":"category","embeddable":true,"href":"http:\/\/sfpt.fr\/parchi\/index.php?rest_route=%2Fwp%2Fv2%2Fcategories&post=200"},{"taxonomy":"post_tag","embeddable":true,"href":"http:\/\/sfpt.fr\/parchi\/index.php?rest_route=%2Fwp%2Fv2%2Ftags&post=200"}],"curies":[{"name":"wp","href":"https:\/\/api.w.org\/{rel}","templated":true}]}}