{"id":82,"date":"2013-09-20T17:12:30","date_gmt":"2013-09-20T15:12:30","guid":{"rendered":"http:\/\/sfpt.fr\/parchi\/?p=82"},"modified":"2013-10-20T10:41:50","modified_gmt":"2013-10-20T08:41:50","slug":"marseille-en-1927","status":"publish","type":"post","link":"http:\/\/sfpt.fr\/parchi\/?p=82","title":{"rendered":"Marseille en 1927"},"content":{"rendered":"<p style=\"text-align: justify;\"><em>Bernard SILLANO (INRAP) et Yves EGELS (ENSG)<\/em><\/p>\n<p style=\"text-align: justify;\"><a href=\"http:\/\/sfpt.fr\/parchi\/wp-content\/uploads\/2013\/09\/dynamitage.jpg\"><img loading=\"lazy\" class=\"aligncenter  wp-image-83\" src=\"http:\/\/sfpt.fr\/parchi\/wp-content\/uploads\/2013\/09\/dynamitage-203x300.jpg\" alt=\"\" width=\"203\" height=\"300\" srcset=\"http:\/\/sfpt.fr\/parchi\/wp-content\/uploads\/2013\/09\/dynamitage-203x300.jpg 203w, http:\/\/sfpt.fr\/parchi\/wp-content\/uploads\/2013\/09\/dynamitage.jpg 522w\" sizes=\"(max-width: 203px) 100vw, 203px\" \/><\/a>Depuis quelques temps, l&#8217;IGN met \u00e0 la disposition des utilisateurs du G\u00e9oportail des s\u00e9ries de photographies a\u00e9riennes anciennes, qui peuvent \u00eatre t\u00e9l\u00e9charg\u00e9es gratuitement en haute r\u00e9solution (de l&#8217;ordre de 1000 dpi). Ces images anciennes sont bien entendu une mine d&#8217;informations pour les historiens, arch\u00e9ologues ou am\u00e9nageurs.<\/p>\n<p style=\"text-align: justify;\"><!--more--><\/p>\n<p style=\"text-align: justify;\">Lors de la derni\u00e8re session de l&#8217;\u00e9cole d&#8217;\u00e9t\u00e9 \u00e0 Forcalquier, un des stagiaires de l&#8217;INRAP (Bernard Sillano) me demandait quelle \u00e9tait la valeur photogramm\u00e9trique de ces images.<\/p>\n<p style=\"text-align: justify;\">En effet, une mission de 1927 couvrait la ville de Marseille, en particulier le quartier du Panier, dynamit\u00e9 en F\u00e9vrier 1943.<a href=\"http:\/\/sfpt.fr\/parchi\/wp-content\/uploads\/2013\/09\/70.jpg\"><img loading=\"lazy\" class=\"aligncenter size-medium wp-image-86\" src=\"http:\/\/sfpt.fr\/parchi\/wp-content\/uploads\/2013\/09\/70-300x187.jpg\" alt=\"\" width=\"300\" height=\"187\" srcset=\"http:\/\/sfpt.fr\/parchi\/wp-content\/uploads\/2013\/09\/70-300x187.jpg 300w, http:\/\/sfpt.fr\/parchi\/wp-content\/uploads\/2013\/09\/70-480x300.jpg 480w, http:\/\/sfpt.fr\/parchi\/wp-content\/uploads\/2013\/09\/70.jpg 594w\" sizes=\"(max-width: 300px) 100vw, 300px\" \/><\/a>Sauf exception, les photos a\u00e9riennes ant\u00e9rieures \u00e0 la seconde guerre mondiale n&#8217;ont pas \u00e9t\u00e9 prises dans le cadre de travaux photogramm\u00e9triques, mais essentiellement documentaires. Il ne faut donc pas esp\u00e9rer obtenir un certificat de calibration de la cam\u00e9ra&#8230; De plus, dans le cas des photos de Marseille en 1927, la couverture n&#8217;est pas st\u00e9r\u00e9oscopique, le recouvrement est assez al\u00e9atoire, environ 20% en g\u00e9n\u00e9ral (sans doute y avait-il du mistral ce jour l\u00e0!). Il est donc inutile de tenter une autocalibration. L&#8217;espoir de calculer une orthophoto dans les r\u00e8gles de l&#8217;art s&#8217;\u00e9loigne.<\/p>\n<p style=\"text-align: justify;\">Mais en examinant les images, il apparait que la focale devait \u00eatre tr\u00e8s longue : le d\u00e9vers des fa\u00e7ades sur des b\u00e2timents \u00e9lev\u00e9s (la cath\u00e9drale de la Major, par exemple) est tr\u00e8s faible. Double avantage : les longues focales ont habituellement peu de distorsion, et l&#8217;influence du relief est r\u00e9duite. On pourra donc tenter la m\u00e9thode que las anciens nommaient le redressement.<\/p>\n<p style=\"text-align: justify;\">Le logiciel Redresseur est tout \u00e0 fait adapt\u00e9 \u00e0 cette t\u00e2che. Il permettra d&#8217;identifier des points communs dans le recouvrement des images, ainsi que quelques points connus sur le terrain (dont les coordonn\u00e9es planim\u00e9triques peuvent facilement \u00eatre mesur\u00e9s directement avec l&#8217;outil d&#8217;affichage de coordonn\u00e9es du G\u00e9oportail).<\/p>\n<p style=\"text-align: justify;\"><a href=\"http:\/\/sfpt.fr\/parchi\/wp-content\/uploads\/2013\/09\/red.jpg\"><img loading=\"lazy\" class=\"aligncenter size-full wp-image-87\" src=\"http:\/\/sfpt.fr\/parchi\/wp-content\/uploads\/2013\/09\/red.jpg\" alt=\"\" width=\"1918\" height=\"1039\" srcset=\"http:\/\/sfpt.fr\/parchi\/wp-content\/uploads\/2013\/09\/red.jpg 1918w, http:\/\/sfpt.fr\/parchi\/wp-content\/uploads\/2013\/09\/red-300x162.jpg 300w, http:\/\/sfpt.fr\/parchi\/wp-content\/uploads\/2013\/09\/red-1024x554.jpg 1024w, http:\/\/sfpt.fr\/parchi\/wp-content\/uploads\/2013\/09\/red-500x270.jpg 500w\" sizes=\"(max-width: 1918px) 100vw, 1918px\" \/><\/a>Les images originales sont \u00e0 une \u00e9chelle de 1\/6000 environ, ce qui permet raisonnablement de produire un document avec une taille de pixel de 25cm.<\/p>\n<p style=\"text-align: justify;\">Le calcul d&#8217;assemblage indique des r\u00e9sidus tr\u00e8s corrects (de l&#8217;ordre de 2 m\u00e8tres). L&#8217;examen de la mosa\u00efque montre que les raccords sont tout \u00e0 fait satisfaisants, par contre le g\u00e9or\u00e9f\u00e9rencement par rapport au plan de la ville de Marseille n&#8217;est pas parfait, les \u00e9carts atteignant 5 \u00e0 10 m\u00e8tres par endroit. Il faut quand m\u00eame faire remarquer que la zone choisie n&#8217;est pas sp\u00e9cialement plate&#8230; les altitudes varient de 0 au Vieux-Port \u00e0 40m place Jean Jaur\u00e8s, 56m \u00e0 la gare Saint Charles et m\u00eame 142m \u00e0 Notre-Dame de la Garde!<\/p>\n<p style=\"text-align: justify;\"><a href=\"http:\/\/sfpt.fr\/parchi\/wp-content\/uploads\/2013\/09\/PanierRedress\u00e9.jpg\"><img loading=\"lazy\" class=\"aligncenter size-full wp-image-88\" src=\"http:\/\/sfpt.fr\/parchi\/wp-content\/uploads\/2013\/09\/PanierRedress\u00e9.jpg\" alt=\"\" width=\"1333\" height=\"1316\" srcset=\"http:\/\/sfpt.fr\/parchi\/wp-content\/uploads\/2013\/09\/PanierRedress\u00e9.jpg 1333w, http:\/\/sfpt.fr\/parchi\/wp-content\/uploads\/2013\/09\/PanierRedress\u00e9-300x296.jpg 300w, http:\/\/sfpt.fr\/parchi\/wp-content\/uploads\/2013\/09\/PanierRedress\u00e9-1024x1010.jpg 1024w, http:\/\/sfpt.fr\/parchi\/wp-content\/uploads\/2013\/09\/PanierRedress\u00e9-303x300.jpg 303w\" sizes=\"(max-width: 1333px) 100vw, 1333px\" \/><\/a> Malgr\u00e9 les nombreuses traces de doigts, la nettet\u00e9 tr\u00e8s approximative et l&#8217;affaiblissement de certaines images, ces photos presque centenaires permettent de retrouver l&#8217;ancienne physionomie de la ville.<\/p>\n","protected":false},"excerpt":{"rendered":"<p>Bernard SILLANO (INRAP) et Yves EGELS (ENSG) Depuis quelques temps, l&#8217;IGN met \u00e0 la disposition des utilisateurs du G\u00e9oportail des s\u00e9ries de photographies a\u00e9riennes anciennes, qui peuvent \u00eatre t\u00e9l\u00e9charg\u00e9es gratuitement en haute r\u00e9solution (de l&#8217;ordre de 1000 dpi). Ces images &hellip; <a href=\"http:\/\/sfpt.fr\/parchi\/?p=82\">Lire la suite <span class=\"meta-nav\">&rarr;<\/span><\/a><\/p>\n","protected":false},"author":12,"featured_media":0,"comment_status":"open","ping_status":"open","sticky":false,"template":"","format":"standard","meta":{"spay_email":""},"categories":[4],"tags":[],"jetpack_featured_media_url":"","jetpack_shortlink":"https:\/\/wp.me\/p4fJjF-1k","jetpack_sharing_enabled":true,"_links":{"self":[{"href":"http:\/\/sfpt.fr\/parchi\/index.php?rest_route=\/wp\/v2\/posts\/82"}],"collection":[{"href":"http:\/\/sfpt.fr\/parchi\/index.php?rest_route=\/wp\/v2\/posts"}],"about":[{"href":"http:\/\/sfpt.fr\/parchi\/index.php?rest_route=\/wp\/v2\/types\/post"}],"author":[{"embeddable":true,"href":"http:\/\/sfpt.fr\/parchi\/index.php?rest_route=\/wp\/v2\/users\/12"}],"replies":[{"embeddable":true,"href":"http:\/\/sfpt.fr\/parchi\/index.php?rest_route=%2Fwp%2Fv2%2Fcomments&post=82"}],"version-history":[{"count":4,"href":"http:\/\/sfpt.fr\/parchi\/index.php?rest_route=\/wp\/v2\/posts\/82\/revisions"}],"predecessor-version":[{"id":153,"href":"http:\/\/sfpt.fr\/parchi\/index.php?rest_route=\/wp\/v2\/posts\/82\/revisions\/153"}],"wp:attachment":[{"href":"http:\/\/sfpt.fr\/parchi\/index.php?rest_route=%2Fwp%2Fv2%2Fmedia&parent=82"}],"wp:term":[{"taxonomy":"category","embeddable":true,"href":"http:\/\/sfpt.fr\/parchi\/index.php?rest_route=%2Fwp%2Fv2%2Fcategories&post=82"},{"taxonomy":"post_tag","embeddable":true,"href":"http:\/\/sfpt.fr\/parchi\/index.php?rest_route=%2Fwp%2Fv2%2Ftags&post=82"}],"curies":[{"name":"wp","href":"https:\/\/api.w.org\/{rel}","templated":true}]}}